{"id":5230,"date":"2024-09-19T09:09:06","date_gmt":"2024-09-19T09:09:06","guid":{"rendered":"https:\/\/www.sieglindemetzler.eu\/?p=5230"},"modified":"2024-09-19T09:23:25","modified_gmt":"2024-09-19T09:23:25","slug":"videoausstellung-internationaler-kunstpreis-new-york-2024","status":"publish","type":"post","link":"https:\/\/www.sieglindemetzler.eu\/en\/videoausstellung-internationaler-kunstpreis-new-york-2024\/","title":{"rendered":"Video exhibition \u2013 International Art Prize in New York 2024"},"content":{"rendered":"<p><img loading=\"lazy\" decoding=\"async\" class=\"size-full wp-image-5223 aligncenter\" src=\"https:\/\/www.sieglindemetzler.eu\/wp-content\/uploads\/sieglinde-metzler-Verdienstzertifikat.jpg\" alt=\"\" width=\"845\" height=\"1200\" srcset=\"https:\/\/www.sieglindemetzler.eu\/wp-content\/uploads\/sieglinde-metzler-Verdienstzertifikat.jpg 845w, https:\/\/www.sieglindemetzler.eu\/wp-content\/uploads\/sieglinde-metzler-Verdienstzertifikat-480x682.jpg 480w\" sizes=\"(min-width: 0px) and (max-width: 480px) 480px, (min-width: 481px) 845px, 100vw\" \/><\/p>\n<h1>Video exhibition at the One Art Space Gallery in TriBeCa (Manhattan \u2013 New York)<\/h1>\n<p>July 29 \u2013 August 4, 2024<br \/>\n<strong>ARTWORKS<\/strong>: <a href=\"\/en\/kaufe-gem\u00e4lde\/love\/\"><strong>Love<\/strong> <\/a>&#8211; <a href=\"\/en\/kaufe-gem\u00e4lde\/bilder-stadt\/\"><strong>Pictures of a City, L(I)EBEN<\/strong><\/a> &#8211;<a href=\"\/en\/kaufe-gem\u00e4lde\/evolution-tranen-erde\/\"> <strong>Evolution - The Tears of the Earth<\/strong><\/a> (<strong>WINNER<\/strong>)<\/p>\n<div class=\"et_pb_slider et_pb_slider_fullwidth_off et_pb_gallery_post_type\">\n\t\t\t\t<div class=\"et_pb_slides\">\n\t\t\t\t\t<div class=\"et_pb_slide\" style=\"background: url(https:\/\/www.sieglindemetzler.eu\/wp-content\/uploads\/TSNY24-Metzler-Sieglinde.jpg);\"><\/div><div class=\"et_pb_slide\" style=\"background: url(https:\/\/www.sieglindemetzler.eu\/wp-content\/uploads\/Metzler-Sieglinde-TSNY24.jpg);\"><\/div><div class=\"et_pb_slide\" style=\"background: url(https:\/\/www.sieglindemetzler.eu\/wp-content\/uploads\/Metzler-Sieglinde-top-selection-newYork.jpg);\"><\/div><div class=\"et_pb_slide\" style=\"background: url(https:\/\/www.sieglindemetzler.eu\/wp-content\/uploads\/Metzler-Sieglinde-TSNY24-Winner.jpg);\"><\/div>\n\t\t\t\t<\/div>\n\t\t\t<\/div>","protected":false},"excerpt":{"rendered":"<p>Videoausstellung in der Galerie One Art Space bei TriBeCa (Manhattan \u2013 New York) 29 Juli \u2013 04 August 2024 KUNSTWERKE: Love &#8211; Bilder einer Stadt, L(I)EBEN &#8211; Evolution, Die Tr\u00e4nen der Erde (WINNER)<\/p>","protected":false},"author":1,"featured_media":5223,"comment_status":"closed","ping_status":"closed","sticky":false,"template":"","format":"standard","meta":{"pgc_meta":"","_et_pb_use_builder":"","_et_pb_old_content":"","_et_gb_content_width":"","footnotes":""},"categories":[87],"tags":[],"yoast_head":"<!-- This site is optimized with the Yoast SEO plugin v21.4 - https:\/\/yoast.com\/wordpress\/plugins\/seo\/ -->\n<title>Videoausstellung \u2013 Internationaler Kunstpreis in New York 2024 - Sieglinde Metzler<\/title>\n<meta name=\"robots\" content=\"index, follow, max-snippet:-1, max-image-preview:large, max-video-preview:-1\" \/>\n<link rel=\"canonical\" href=\"https:\/\/www.sieglindemetzler.eu\/en\/videoausstellung-internationaler-kunstpreis-new-york-2024\/\" \/>\n<meta property=\"og:locale\" content=\"en_GB\" \/>\n<meta property=\"og:type\" content=\"article\" \/>\n<meta property=\"og:title\" content=\"Videoausstellung \u2013 Internationaler Kunstpreis in New York 2024 - Sieglinde Metzler\" \/>\n<meta property=\"og:description\" content=\"Videoausstellung in der Galerie One Art Space bei TriBeCa (Manhattan \u2013 New York) 29 Juli \u2013 04 August 2024 KUNSTWERKE: Love &#8211; Bilder einer Stadt, L(I)EBEN &#8211; Evolution, Die Tr\u00e4nen der Erde (WINNER)\" \/>\n<meta property=\"og:url\" content=\"https:\/\/www.sieglindemetzler.eu\/en\/videoausstellung-internationaler-kunstpreis-new-york-2024\/\" \/>\n<meta property=\"og:site_name\" content=\"Sieglinde Metzler\" \/>\n<meta property=\"article:publisher\" content=\"https:\/\/www.facebook.com\/sieglinde.metzler\" \/>\n<meta property=\"article:published_time\" content=\"2024-09-19T09:09:06+00:00\" \/>\n<meta property=\"article:modified_time\" content=\"2024-09-19T09:23:25+00:00\" \/>\n<meta property=\"og:image\" content=\"https:\/\/www.sieglindemetzler.eu\/wp-content\/uploads\/sieglinde-metzler-Verdienstzertifikat.jpg\" \/>\n\t<meta property=\"og:image:width\" content=\"845\" \/>\n\t<meta property=\"og:image:height\" content=\"1200\" \/>\n\t<meta property=\"og:image:type\" content=\"image\/jpeg\" \/>\n<meta name=\"author\" content=\"adminWPsm18\" \/>\n<meta name=\"twitter:card\" content=\"summary_large_image\" \/>\n<meta name=\"twitter:label1\" content=\"Written by\" \/>\n\t<meta name=\"twitter:data1\" content=\"adminWPsm18\" \/>\n\t<meta name=\"twitter:label2\" content=\"Estimated reading time\" \/>\n\t<meta name=\"twitter:data2\" content=\"1 minute\" \/>\n<script type=\"application\/ld+json\" class=\"yoast-schema-graph\">{\"@context\":\"https:\/\/schema.org\",\"@graph\":[{\"@type\":\"Article\",\"@id\":\"https:\/\/www.sieglindemetzler.eu\/videoausstellung-internationaler-kunstpreis-new-york-2024\/#article\",\"isPartOf\":{\"@id\":\"https:\/\/www.sieglindemetzler.eu\/videoausstellung-internationaler-kunstpreis-new-york-2024\/\"},\"author\":{\"name\":\"adminWPsm18\",\"@id\":\"https:\/\/www.sieglindemetzler.eu\/#\/schema\/person\/0182572b321fba196e667320e5e4115a\"},\"headline\":\"Videoausstellung \u2013 Internationaler Kunstpreis in New York 2024\",\"datePublished\":\"2024-09-19T09:09:06+00:00\",\"dateModified\":\"2024-09-19T09:23:25+00:00\",\"mainEntityOfPage\":{\"@id\":\"https:\/\/www.sieglindemetzler.eu\/videoausstellung-internationaler-kunstpreis-new-york-2024\/\"},\"wordCount\":39,\"publisher\":{\"@id\":\"https:\/\/www.sieglindemetzler.eu\/#\/schema\/person\/25d93e22d3b49f2f9d118f6341201a65\"},\"articleSection\":[\"Ausstellungen\"],\"inLanguage\":\"en-GB\"},{\"@type\":\"WebPage\",\"@id\":\"https:\/\/www.sieglindemetzler.eu\/videoausstellung-internationaler-kunstpreis-new-york-2024\/\",\"url\":\"https:\/\/www.sieglindemetzler.eu\/videoausstellung-internationaler-kunstpreis-new-york-2024\/\",\"name\":\"Videoausstellung \u2013 Internationaler Kunstpreis in New York 2024 - Sieglinde Metzler\",\"isPartOf\":{\"@id\":\"https:\/\/www.sieglindemetzler.eu\/#website\"},\"datePublished\":\"2024-09-19T09:09:06+00:00\",\"dateModified\":\"2024-09-19T09:23:25+00:00\",\"breadcrumb\":{\"@id\":\"https:\/\/www.sieglindemetzler.eu\/videoausstellung-internationaler-kunstpreis-new-york-2024\/#breadcrumb\"},\"inLanguage\":\"en-GB\",\"potentialAction\":[{\"@type\":\"ReadAction\",\"target\":[\"https:\/\/www.sieglindemetzler.eu\/videoausstellung-internationaler-kunstpreis-new-york-2024\/\"]}]},{\"@type\":\"BreadcrumbList\",\"@id\":\"https:\/\/www.sieglindemetzler.eu\/videoausstellung-internationaler-kunstpreis-new-york-2024\/#breadcrumb\",\"itemListElement\":[{\"@type\":\"ListItem\",\"position\":1,\"name\":\"Home\",\"item\":\"https:\/\/www.sieglindemetzler.eu\/\"},{\"@type\":\"ListItem\",\"position\":2,\"name\":\"Ausstellungen\",\"item\":\"https:\/\/www.sieglindemetzler.eu\/kunst\/ausstellungen\/\"},{\"@type\":\"ListItem\",\"position\":3,\"name\":\"Videoausstellung \u2013 Internationaler Kunstpreis in New York 2024\"}]},{\"@type\":\"WebSite\",\"@id\":\"https:\/\/www.sieglindemetzler.eu\/#website\",\"url\":\"https:\/\/www.sieglindemetzler.eu\/\",\"name\":\"Sieglinde Metzler - zeitgen\u00f6ssische K\u00fcnstlerin\",\"description\":\"zeitgen\u00f6ssische K\u00fcnstlerin\",\"publisher\":{\"@id\":\"https:\/\/www.sieglindemetzler.eu\/#\/schema\/person\/25d93e22d3b49f2f9d118f6341201a65\"},\"alternateName\":\"K\u00fcnstler-Website der Sieglinde Metzler\",\"potentialAction\":[{\"@type\":\"SearchAction\",\"target\":{\"@type\":\"EntryPoint\",\"urlTemplate\":\"https:\/\/www.sieglindemetzler.eu\/?s={search_term_string}\"},\"query-input\":\"required name=search_term_string\"}],\"inLanguage\":\"en-GB\"},{\"@type\":[\"Person\",\"Organization\"],\"@id\":\"https:\/\/www.sieglindemetzler.eu\/#\/schema\/person\/25d93e22d3b49f2f9d118f6341201a65\",\"name\":\"Sieglinde Metzler\",\"image\":{\"@type\":\"ImageObject\",\"inLanguage\":\"en-GB\",\"@id\":\"https:\/\/www.sieglindemetzler.eu\/#\/schema\/person\/image\/\",\"url\":\"https:\/\/www.sieglindemetzler.eu\/wp-content\/uploads\/Sieglinde-Metzler-logo.png\",\"contentUrl\":\"https:\/\/www.sieglindemetzler.eu\/wp-content\/uploads\/Sieglinde-Metzler-logo.png\",\"width\":1438,\"height\":254,\"caption\":\"Sieglinde Metzler\"},\"logo\":{\"@id\":\"https:\/\/www.sieglindemetzler.eu\/#\/schema\/person\/image\/\"},\"sameAs\":[\"https:\/\/www.sieglindemetzler.eu\",\"https:\/\/www.facebook.com\/sieglinde.metzler\",\"https:\/\/www.instagram.com\/sieglinde1958\/\"]},{\"@type\":\"Person\",\"@id\":\"https:\/\/www.sieglindemetzler.eu\/#\/schema\/person\/0182572b321fba196e667320e5e4115a\",\"name\":\"adminWPsm18\",\"image\":{\"@type\":\"ImageObject\",\"inLanguage\":\"en-GB\",\"@id\":\"https:\/\/www.sieglindemetzler.eu\/#\/schema\/person\/image\/\",\"url\":\"https:\/\/secure.gravatar.com\/avatar\/2260a643382767a6b4184449968af668?s=96&d=mm&r=g\",\"contentUrl\":\"https:\/\/secure.gravatar.com\/avatar\/2260a643382767a6b4184449968af668?s=96&d=mm&r=g\",\"caption\":\"adminWPsm18\"},\"sameAs\":[\"https:\/\/www.sieglindemetzler.eu\"],\"url\":\"https:\/\/www.sieglindemetzler.eu\/en\/author\/adminwpsm18\/\"}]}<\/script>\n<!-- \/ Yoast SEO plugin. -->","yoast_head_json":{"title":"Videoausstellung \u2013 Internationaler Kunstpreis in New York 2024 - Sieglinde Metzler","robots":{"index":"index","follow":"follow","max-snippet":"max-snippet:-1","max-image-preview":"max-image-preview:large","max-video-preview":"max-video-preview:-1"},"canonical":"https:\/\/www.sieglindemetzler.eu\/en\/videoausstellung-internationaler-kunstpreis-new-york-2024\/","og_locale":"en_GB","og_type":"article","og_title":"Videoausstellung \u2013 Internationaler Kunstpreis in New York 2024 - Sieglinde Metzler","og_description":"Videoausstellung in der Galerie One Art Space bei TriBeCa (Manhattan \u2013 New York) 29 Juli \u2013 04 August 2024 KUNSTWERKE: Love &#8211; Bilder einer Stadt, L(I)EBEN &#8211; Evolution, Die Tr\u00e4nen der Erde (WINNER)","og_url":"https:\/\/www.sieglindemetzler.eu\/en\/videoausstellung-internationaler-kunstpreis-new-york-2024\/","og_site_name":"Sieglinde Metzler","article_publisher":"https:\/\/www.facebook.com\/sieglinde.metzler","article_published_time":"2024-09-19T09:09:06+00:00","article_modified_time":"2024-09-19T09:23:25+00:00","og_image":[{"width":845,"height":1200,"url":"https:\/\/www.sieglindemetzler.eu\/wp-content\/uploads\/sieglinde-metzler-Verdienstzertifikat.jpg","type":"image\/jpeg"}],"author":"adminWPsm18","twitter_card":"summary_large_image","twitter_misc":{"Written by":"adminWPsm18","Estimated reading time":"1 minute"},"schema":{"@context":"https:\/\/schema.org","@graph":[{"@type":"Article","@id":"https:\/\/www.sieglindemetzler.eu\/videoausstellung-internationaler-kunstpreis-new-york-2024\/#article","isPartOf":{"@id":"https:\/\/www.sieglindemetzler.eu\/videoausstellung-internationaler-kunstpreis-new-york-2024\/"},"author":{"name":"adminWPsm18","@id":"https:\/\/www.sieglindemetzler.eu\/#\/schema\/person\/0182572b321fba196e667320e5e4115a"},"headline":"Videoausstellung \u2013 Internationaler Kunstpreis in New York 2024","datePublished":"2024-09-19T09:09:06+00:00","dateModified":"2024-09-19T09:23:25+00:00","mainEntityOfPage":{"@id":"https:\/\/www.sieglindemetzler.eu\/videoausstellung-internationaler-kunstpreis-new-york-2024\/"},"wordCount":39,"publisher":{"@id":"https:\/\/www.sieglindemetzler.eu\/#\/schema\/person\/25d93e22d3b49f2f9d118f6341201a65"},"articleSection":["Ausstellungen"],"inLanguage":"en-GB"},{"@type":"WebPage","@id":"https:\/\/www.sieglindemetzler.eu\/videoausstellung-internationaler-kunstpreis-new-york-2024\/","url":"https:\/\/www.sieglindemetzler.eu\/videoausstellung-internationaler-kunstpreis-new-york-2024\/","name":"Videoausstellung \u2013 Internationaler Kunstpreis in New York 2024 - Sieglinde Metzler","isPartOf":{"@id":"https:\/\/www.sieglindemetzler.eu\/#website"},"datePublished":"2024-09-19T09:09:06+00:00","dateModified":"2024-09-19T09:23:25+00:00","breadcrumb":{"@id":"https:\/\/www.sieglindemetzler.eu\/videoausstellung-internationaler-kunstpreis-new-york-2024\/#breadcrumb"},"inLanguage":"en-GB","potentialAction":[{"@type":"ReadAction","target":["https:\/\/www.sieglindemetzler.eu\/videoausstellung-internationaler-kunstpreis-new-york-2024\/"]}]},{"@type":"BreadcrumbList","@id":"https:\/\/www.sieglindemetzler.eu\/videoausstellung-internationaler-kunstpreis-new-york-2024\/#breadcrumb","itemListElement":[{"@type":"ListItem","position":1,"name":"Home","item":"https:\/\/www.sieglindemetzler.eu\/"},{"@type":"ListItem","position":2,"name":"Ausstellungen","item":"https:\/\/www.sieglindemetzler.eu\/kunst\/ausstellungen\/"},{"@type":"ListItem","position":3,"name":"Videoausstellung \u2013 Internationaler Kunstpreis in New York 2024"}]},{"@type":"WebSite","@id":"https:\/\/www.sieglindemetzler.eu\/#website","url":"https:\/\/www.sieglindemetzler.eu\/","name":"Sieglinde Metzler - zeitgen\u00f6ssische K\u00fcnstlerin","description":"zeitgen\u00f6ssische K\u00fcnstlerin","publisher":{"@id":"https:\/\/www.sieglindemetzler.eu\/#\/schema\/person\/25d93e22d3b49f2f9d118f6341201a65"},"alternateName":"K\u00fcnstler-Website der Sieglinde Metzler","potentialAction":[{"@type":"SearchAction","target":{"@type":"EntryPoint","urlTemplate":"https:\/\/www.sieglindemetzler.eu\/?s={search_term_string}"},"query-input":"required name=search_term_string"}],"inLanguage":"en-GB"},{"@type":["Person","Organization"],"@id":"https:\/\/www.sieglindemetzler.eu\/#\/schema\/person\/25d93e22d3b49f2f9d118f6341201a65","name":"Sieglinde Metzler","image":{"@type":"ImageObject","inLanguage":"en-GB","@id":"https:\/\/www.sieglindemetzler.eu\/#\/schema\/person\/image\/","url":"https:\/\/www.sieglindemetzler.eu\/wp-content\/uploads\/Sieglinde-Metzler-logo.png","contentUrl":"https:\/\/www.sieglindemetzler.eu\/wp-content\/uploads\/Sieglinde-Metzler-logo.png","width":1438,"height":254,"caption":"Sieglinde Metzler"},"logo":{"@id":"https:\/\/www.sieglindemetzler.eu\/#\/schema\/person\/image\/"},"sameAs":["https:\/\/www.sieglindemetzler.eu","https:\/\/www.facebook.com\/sieglinde.metzler","https:\/\/www.instagram.com\/sieglinde1958\/"]},{"@type":"Person","@id":"https:\/\/www.sieglindemetzler.eu\/#\/schema\/person\/0182572b321fba196e667320e5e4115a","name":"adminWPsm18","image":{"@type":"ImageObject","inLanguage":"en-GB","@id":"https:\/\/www.sieglindemetzler.eu\/#\/schema\/person\/image\/","url":"https:\/\/secure.gravatar.com\/avatar\/2260a643382767a6b4184449968af668?s=96&d=mm&r=g","contentUrl":"https:\/\/secure.gravatar.com\/avatar\/2260a643382767a6b4184449968af668?s=96&d=mm&r=g","caption":"adminWPsm18"},"sameAs":["https:\/\/www.sieglindemetzler.eu"],"url":"https:\/\/www.sieglindemetzler.eu\/en\/author\/adminwpsm18\/"}]}},"_links":{"self":[{"href":"https:\/\/www.sieglindemetzler.eu\/en\/wp-json\/wp\/v2\/posts\/5230"}],"collection":[{"href":"https:\/\/www.sieglindemetzler.eu\/en\/wp-json\/wp\/v2\/posts"}],"about":[{"href":"https:\/\/www.sieglindemetzler.eu\/en\/wp-json\/wp\/v2\/types\/post"}],"author":[{"embeddable":true,"href":"https:\/\/www.sieglindemetzler.eu\/en\/wp-json\/wp\/v2\/users\/1"}],"replies":[{"embeddable":true,"href":"https:\/\/www.sieglindemetzler.eu\/en\/wp-json\/wp\/v2\/comments?post=5230"}],"version-history":[{"count":2,"href":"https:\/\/www.sieglindemetzler.eu\/en\/wp-json\/wp\/v2\/posts\/5230\/revisions"}],"predecessor-version":[{"id":5240,"href":"https:\/\/www.sieglindemetzler.eu\/en\/wp-json\/wp\/v2\/posts\/5230\/revisions\/5240"}],"wp:featuredmedia":[{"embeddable":true,"href":"https:\/\/www.sieglindemetzler.eu\/en\/wp-json\/wp\/v2\/media\/5223"}],"wp:attachment":[{"href":"https:\/\/www.sieglindemetzler.eu\/en\/wp-json\/wp\/v2\/media?parent=5230"}],"wp:term":[{"taxonomy":"category","embeddable":true,"href":"https:\/\/www.sieglindemetzler.eu\/en\/wp-json\/wp\/v2\/categories?post=5230"},{"taxonomy":"post_tag","embeddable":true,"href":"https:\/\/www.sieglindemetzler.eu\/en\/wp-json\/wp\/v2\/tags?post=5230"}],"curies":[{"name":"wp","href":"https:\/\/api.w.org\/{rel}","templated":true}]}}