{"id":5250,"date":"2024-09-19T09:48:47","date_gmt":"2024-09-19T09:48:47","guid":{"rendered":"https:\/\/www.sieglindemetzler.eu\/?p=5250"},"modified":"2024-09-19T09:49:22","modified_gmt":"2024-09-19T09:49:22","slug":"gesichter-zeitgenoessischen-kunst","status":"publish","type":"post","link":"https:\/\/www.sieglindemetzler.eu\/en\/gesichter-zeitgenoessischen-kunst\/","title":{"rendered":"The new faces of contemporary art \u2013 La Repubblica"},"content":{"rendered":"<p><img loading=\"lazy\" decoding=\"async\" class=\"alignnone size-full wp-image-5246\" src=\"https:\/\/www.sieglindemetzler.eu\/wp-content\/uploads\/Winners-topSelection-NY-Repubblica.jpg\" alt=\"\" width=\"1200\" height=\"884\" srcset=\"https:\/\/www.sieglindemetzler.eu\/wp-content\/uploads\/Winners-topSelection-NY-Repubblica.jpg 1200w, https:\/\/www.sieglindemetzler.eu\/wp-content\/uploads\/Winners-topSelection-NY-Repubblica-980x722.jpg 980w, https:\/\/www.sieglindemetzler.eu\/wp-content\/uploads\/Winners-topSelection-NY-Repubblica-480x354.jpg 480w\" sizes=\"(min-width: 0px) and (max-width: 480px) 480px, (min-width: 481px) and (max-width: 980px) 980px, (min-width: 981px) 1200px, 100vw\" \/><\/p>\n<p>The face of<strong> Sieglinde Metzler<\/strong>, along with the other 25 winners, published in the <strong>Italian daily newspaper \"La Repubblica\"<\/strong> on September 8, 2024.<\/p>","protected":false},"excerpt":{"rendered":"<p>Das Gesicht von Sieglinde Metzler, zusammen mit den anderen 25 Gewinnern, ver\u00f6ffentlicht in der italienischen Tageszeitung &#8222;La Repubblica&#8220; vom 08. September 2024.<\/p>","protected":false},"author":1,"featured_media":5246,"comment_status":"closed","ping_status":"closed","sticky":false,"template":"","format":"standard","meta":{"pgc_meta":"","_et_pb_use_builder":"","_et_pb_old_content":"","_et_gb_content_width":"","footnotes":""},"categories":[103],"tags":[],"yoast_head":"<!-- This site is optimized with the Yoast SEO plugin v21.4 - https:\/\/yoast.com\/wordpress\/plugins\/seo\/ -->\n<title>Die neuen Gesichter der zeitgen\u00f6ssischen Kunst - La Repubblica - Sieglinde Metzler<\/title>\n<meta name=\"robots\" content=\"index, follow, max-snippet:-1, max-image-preview:large, max-video-preview:-1\" \/>\n<link rel=\"canonical\" href=\"https:\/\/www.sieglindemetzler.eu\/en\/gesichter-zeitgenoessischen-kunst\/\" \/>\n<meta property=\"og:locale\" content=\"en_GB\" \/>\n<meta property=\"og:type\" content=\"article\" \/>\n<meta property=\"og:title\" content=\"Die neuen Gesichter der zeitgen\u00f6ssischen Kunst - La Repubblica - Sieglinde Metzler\" \/>\n<meta property=\"og:description\" content=\"Das Gesicht von Sieglinde Metzler, zusammen mit den anderen 25 Gewinnern, ver\u00f6ffentlicht in der italienischen Tageszeitung &#8222;La Repubblica&#8220; vom 08. September 2024.\" \/>\n<meta property=\"og:url\" content=\"https:\/\/www.sieglindemetzler.eu\/en\/gesichter-zeitgenoessischen-kunst\/\" \/>\n<meta property=\"og:site_name\" content=\"Sieglinde Metzler\" \/>\n<meta property=\"article:publisher\" content=\"https:\/\/www.facebook.com\/sieglinde.metzler\" \/>\n<meta property=\"article:published_time\" content=\"2024-09-19T09:48:47+00:00\" \/>\n<meta property=\"article:modified_time\" content=\"2024-09-19T09:49:22+00:00\" \/>\n<meta property=\"og:image\" content=\"https:\/\/www.sieglindemetzler.eu\/wp-content\/uploads\/Winners-topSelection-NY-Repubblica.jpg\" \/>\n\t<meta property=\"og:image:width\" content=\"1200\" \/>\n\t<meta property=\"og:image:height\" content=\"884\" \/>\n\t<meta property=\"og:image:type\" content=\"image\/jpeg\" \/>\n<meta name=\"author\" content=\"adminWPsm18\" \/>\n<meta name=\"twitter:card\" content=\"summary_large_image\" \/>\n<meta name=\"twitter:label1\" content=\"Written by\" \/>\n\t<meta name=\"twitter:data1\" content=\"adminWPsm18\" \/>\n\t<meta name=\"twitter:label2\" content=\"Estimated reading time\" \/>\n\t<meta name=\"twitter:data2\" content=\"1 minute\" \/>\n<script type=\"application\/ld+json\" class=\"yoast-schema-graph\">{\"@context\":\"https:\/\/schema.org\",\"@graph\":[{\"@type\":\"Article\",\"@id\":\"https:\/\/www.sieglindemetzler.eu\/gesichter-zeitgenoessischen-kunst\/#article\",\"isPartOf\":{\"@id\":\"https:\/\/www.sieglindemetzler.eu\/gesichter-zeitgenoessischen-kunst\/\"},\"author\":{\"name\":\"adminWPsm18\",\"@id\":\"https:\/\/www.sieglindemetzler.eu\/#\/schema\/person\/0182572b321fba196e667320e5e4115a\"},\"headline\":\"Die neuen Gesichter der zeitgen\u00f6ssischen Kunst &#8211; La Repubblica\",\"datePublished\":\"2024-09-19T09:48:47+00:00\",\"dateModified\":\"2024-09-19T09:49:22+00:00\",\"mainEntityOfPage\":{\"@id\":\"https:\/\/www.sieglindemetzler.eu\/gesichter-zeitgenoessischen-kunst\/\"},\"wordCount\":30,\"publisher\":{\"@id\":\"https:\/\/www.sieglindemetzler.eu\/#\/schema\/person\/25d93e22d3b49f2f9d118f6341201a65\"},\"articleSection\":[\"Anerkennungen\"],\"inLanguage\":\"en-GB\"},{\"@type\":\"WebPage\",\"@id\":\"https:\/\/www.sieglindemetzler.eu\/gesichter-zeitgenoessischen-kunst\/\",\"url\":\"https:\/\/www.sieglindemetzler.eu\/gesichter-zeitgenoessischen-kunst\/\",\"name\":\"Die neuen Gesichter der zeitgen\u00f6ssischen Kunst - La Repubblica - Sieglinde Metzler\",\"isPartOf\":{\"@id\":\"https:\/\/www.sieglindemetzler.eu\/#website\"},\"datePublished\":\"2024-09-19T09:48:47+00:00\",\"dateModified\":\"2024-09-19T09:49:22+00:00\",\"breadcrumb\":{\"@id\":\"https:\/\/www.sieglindemetzler.eu\/gesichter-zeitgenoessischen-kunst\/#breadcrumb\"},\"inLanguage\":\"en-GB\",\"potentialAction\":[{\"@type\":\"ReadAction\",\"target\":[\"https:\/\/www.sieglindemetzler.eu\/gesichter-zeitgenoessischen-kunst\/\"]}]},{\"@type\":\"BreadcrumbList\",\"@id\":\"https:\/\/www.sieglindemetzler.eu\/gesichter-zeitgenoessischen-kunst\/#breadcrumb\",\"itemListElement\":[{\"@type\":\"ListItem\",\"position\":1,\"name\":\"Home\",\"item\":\"https:\/\/www.sieglindemetzler.eu\/\"},{\"@type\":\"ListItem\",\"position\":2,\"name\":\"Anerkennungen\",\"item\":\"https:\/\/www.sieglindemetzler.eu\/kunst\/anerkennungen\/\"},{\"@type\":\"ListItem\",\"position\":3,\"name\":\"Die neuen Gesichter der zeitgen\u00f6ssischen Kunst &#8211; La Repubblica\"}]},{\"@type\":\"WebSite\",\"@id\":\"https:\/\/www.sieglindemetzler.eu\/#website\",\"url\":\"https:\/\/www.sieglindemetzler.eu\/\",\"name\":\"Sieglinde Metzler - zeitgen\u00f6ssische K\u00fcnstlerin\",\"description\":\"zeitgen\u00f6ssische K\u00fcnstlerin\",\"publisher\":{\"@id\":\"https:\/\/www.sieglindemetzler.eu\/#\/schema\/person\/25d93e22d3b49f2f9d118f6341201a65\"},\"alternateName\":\"K\u00fcnstler-Website der Sieglinde Metzler\",\"potentialAction\":[{\"@type\":\"SearchAction\",\"target\":{\"@type\":\"EntryPoint\",\"urlTemplate\":\"https:\/\/www.sieglindemetzler.eu\/?s={search_term_string}\"},\"query-input\":\"required name=search_term_string\"}],\"inLanguage\":\"en-GB\"},{\"@type\":[\"Person\",\"Organization\"],\"@id\":\"https:\/\/www.sieglindemetzler.eu\/#\/schema\/person\/25d93e22d3b49f2f9d118f6341201a65\",\"name\":\"Sieglinde Metzler\",\"image\":{\"@type\":\"ImageObject\",\"inLanguage\":\"en-GB\",\"@id\":\"https:\/\/www.sieglindemetzler.eu\/#\/schema\/person\/image\/\",\"url\":\"https:\/\/www.sieglindemetzler.eu\/wp-content\/uploads\/Sieglinde-Metzler-logo.png\",\"contentUrl\":\"https:\/\/www.sieglindemetzler.eu\/wp-content\/uploads\/Sieglinde-Metzler-logo.png\",\"width\":1438,\"height\":254,\"caption\":\"Sieglinde Metzler\"},\"logo\":{\"@id\":\"https:\/\/www.sieglindemetzler.eu\/#\/schema\/person\/image\/\"},\"sameAs\":[\"https:\/\/www.sieglindemetzler.eu\",\"https:\/\/www.facebook.com\/sieglinde.metzler\",\"https:\/\/www.instagram.com\/sieglinde1958\/\"]},{\"@type\":\"Person\",\"@id\":\"https:\/\/www.sieglindemetzler.eu\/#\/schema\/person\/0182572b321fba196e667320e5e4115a\",\"name\":\"adminWPsm18\",\"image\":{\"@type\":\"ImageObject\",\"inLanguage\":\"en-GB\",\"@id\":\"https:\/\/www.sieglindemetzler.eu\/#\/schema\/person\/image\/\",\"url\":\"https:\/\/secure.gravatar.com\/avatar\/2260a643382767a6b4184449968af668?s=96&d=mm&r=g\",\"contentUrl\":\"https:\/\/secure.gravatar.com\/avatar\/2260a643382767a6b4184449968af668?s=96&d=mm&r=g\",\"caption\":\"adminWPsm18\"},\"sameAs\":[\"https:\/\/www.sieglindemetzler.eu\"],\"url\":\"https:\/\/www.sieglindemetzler.eu\/en\/author\/adminwpsm18\/\"}]}<\/script>\n<!-- \/ Yoast SEO plugin. -->","yoast_head_json":{"title":"Die neuen Gesichter der zeitgen\u00f6ssischen Kunst - La Repubblica - Sieglinde Metzler","robots":{"index":"index","follow":"follow","max-snippet":"max-snippet:-1","max-image-preview":"max-image-preview:large","max-video-preview":"max-video-preview:-1"},"canonical":"https:\/\/www.sieglindemetzler.eu\/en\/gesichter-zeitgenoessischen-kunst\/","og_locale":"en_GB","og_type":"article","og_title":"Die neuen Gesichter der zeitgen\u00f6ssischen Kunst - La Repubblica - Sieglinde Metzler","og_description":"Das Gesicht von Sieglinde Metzler, zusammen mit den anderen 25 Gewinnern, ver\u00f6ffentlicht in der italienischen Tageszeitung &#8222;La Repubblica&#8220; vom 08. September 2024.","og_url":"https:\/\/www.sieglindemetzler.eu\/en\/gesichter-zeitgenoessischen-kunst\/","og_site_name":"Sieglinde Metzler","article_publisher":"https:\/\/www.facebook.com\/sieglinde.metzler","article_published_time":"2024-09-19T09:48:47+00:00","article_modified_time":"2024-09-19T09:49:22+00:00","og_image":[{"width":1200,"height":884,"url":"https:\/\/www.sieglindemetzler.eu\/wp-content\/uploads\/Winners-topSelection-NY-Repubblica.jpg","type":"image\/jpeg"}],"author":"adminWPsm18","twitter_card":"summary_large_image","twitter_misc":{"Written by":"adminWPsm18","Estimated reading time":"1 minute"},"schema":{"@context":"https:\/\/schema.org","@graph":[{"@type":"Article","@id":"https:\/\/www.sieglindemetzler.eu\/gesichter-zeitgenoessischen-kunst\/#article","isPartOf":{"@id":"https:\/\/www.sieglindemetzler.eu\/gesichter-zeitgenoessischen-kunst\/"},"author":{"name":"adminWPsm18","@id":"https:\/\/www.sieglindemetzler.eu\/#\/schema\/person\/0182572b321fba196e667320e5e4115a"},"headline":"Die neuen Gesichter der zeitgen\u00f6ssischen Kunst &#8211; La Repubblica","datePublished":"2024-09-19T09:48:47+00:00","dateModified":"2024-09-19T09:49:22+00:00","mainEntityOfPage":{"@id":"https:\/\/www.sieglindemetzler.eu\/gesichter-zeitgenoessischen-kunst\/"},"wordCount":30,"publisher":{"@id":"https:\/\/www.sieglindemetzler.eu\/#\/schema\/person\/25d93e22d3b49f2f9d118f6341201a65"},"articleSection":["Anerkennungen"],"inLanguage":"en-GB"},{"@type":"WebPage","@id":"https:\/\/www.sieglindemetzler.eu\/gesichter-zeitgenoessischen-kunst\/","url":"https:\/\/www.sieglindemetzler.eu\/gesichter-zeitgenoessischen-kunst\/","name":"Die neuen Gesichter der zeitgen\u00f6ssischen Kunst - La Repubblica - Sieglinde Metzler","isPartOf":{"@id":"https:\/\/www.sieglindemetzler.eu\/#website"},"datePublished":"2024-09-19T09:48:47+00:00","dateModified":"2024-09-19T09:49:22+00:00","breadcrumb":{"@id":"https:\/\/www.sieglindemetzler.eu\/gesichter-zeitgenoessischen-kunst\/#breadcrumb"},"inLanguage":"en-GB","potentialAction":[{"@type":"ReadAction","target":["https:\/\/www.sieglindemetzler.eu\/gesichter-zeitgenoessischen-kunst\/"]}]},{"@type":"BreadcrumbList","@id":"https:\/\/www.sieglindemetzler.eu\/gesichter-zeitgenoessischen-kunst\/#breadcrumb","itemListElement":[{"@type":"ListItem","position":1,"name":"Home","item":"https:\/\/www.sieglindemetzler.eu\/"},{"@type":"ListItem","position":2,"name":"Anerkennungen","item":"https:\/\/www.sieglindemetzler.eu\/kunst\/anerkennungen\/"},{"@type":"ListItem","position":3,"name":"Die neuen Gesichter der zeitgen\u00f6ssischen Kunst &#8211; La Repubblica"}]},{"@type":"WebSite","@id":"https:\/\/www.sieglindemetzler.eu\/#website","url":"https:\/\/www.sieglindemetzler.eu\/","name":"Sieglinde Metzler - zeitgen\u00f6ssische K\u00fcnstlerin","description":"zeitgen\u00f6ssische K\u00fcnstlerin","publisher":{"@id":"https:\/\/www.sieglindemetzler.eu\/#\/schema\/person\/25d93e22d3b49f2f9d118f6341201a65"},"alternateName":"K\u00fcnstler-Website der Sieglinde Metzler","potentialAction":[{"@type":"SearchAction","target":{"@type":"EntryPoint","urlTemplate":"https:\/\/www.sieglindemetzler.eu\/?s={search_term_string}"},"query-input":"required name=search_term_string"}],"inLanguage":"en-GB"},{"@type":["Person","Organization"],"@id":"https:\/\/www.sieglindemetzler.eu\/#\/schema\/person\/25d93e22d3b49f2f9d118f6341201a65","name":"Sieglinde Metzler","image":{"@type":"ImageObject","inLanguage":"en-GB","@id":"https:\/\/www.sieglindemetzler.eu\/#\/schema\/person\/image\/","url":"https:\/\/www.sieglindemetzler.eu\/wp-content\/uploads\/Sieglinde-Metzler-logo.png","contentUrl":"https:\/\/www.sieglindemetzler.eu\/wp-content\/uploads\/Sieglinde-Metzler-logo.png","width":1438,"height":254,"caption":"Sieglinde Metzler"},"logo":{"@id":"https:\/\/www.sieglindemetzler.eu\/#\/schema\/person\/image\/"},"sameAs":["https:\/\/www.sieglindemetzler.eu","https:\/\/www.facebook.com\/sieglinde.metzler","https:\/\/www.instagram.com\/sieglinde1958\/"]},{"@type":"Person","@id":"https:\/\/www.sieglindemetzler.eu\/#\/schema\/person\/0182572b321fba196e667320e5e4115a","name":"adminWPsm18","image":{"@type":"ImageObject","inLanguage":"en-GB","@id":"https:\/\/www.sieglindemetzler.eu\/#\/schema\/person\/image\/","url":"https:\/\/secure.gravatar.com\/avatar\/2260a643382767a6b4184449968af668?s=96&d=mm&r=g","contentUrl":"https:\/\/secure.gravatar.com\/avatar\/2260a643382767a6b4184449968af668?s=96&d=mm&r=g","caption":"adminWPsm18"},"sameAs":["https:\/\/www.sieglindemetzler.eu"],"url":"https:\/\/www.sieglindemetzler.eu\/en\/author\/adminwpsm18\/"}]}},"_links":{"self":[{"href":"https:\/\/www.sieglindemetzler.eu\/en\/wp-json\/wp\/v2\/posts\/5250"}],"collection":[{"href":"https:\/\/www.sieglindemetzler.eu\/en\/wp-json\/wp\/v2\/posts"}],"about":[{"href":"https:\/\/www.sieglindemetzler.eu\/en\/wp-json\/wp\/v2\/types\/post"}],"author":[{"embeddable":true,"href":"https:\/\/www.sieglindemetzler.eu\/en\/wp-json\/wp\/v2\/users\/1"}],"replies":[{"embeddable":true,"href":"https:\/\/www.sieglindemetzler.eu\/en\/wp-json\/wp\/v2\/comments?post=5250"}],"version-history":[{"count":2,"href":"https:\/\/www.sieglindemetzler.eu\/en\/wp-json\/wp\/v2\/posts\/5250\/revisions"}],"predecessor-version":[{"id":5252,"href":"https:\/\/www.sieglindemetzler.eu\/en\/wp-json\/wp\/v2\/posts\/5250\/revisions\/5252"}],"wp:featuredmedia":[{"embeddable":true,"href":"https:\/\/www.sieglindemetzler.eu\/en\/wp-json\/wp\/v2\/media\/5246"}],"wp:attachment":[{"href":"https:\/\/www.sieglindemetzler.eu\/en\/wp-json\/wp\/v2\/media?parent=5250"}],"wp:term":[{"taxonomy":"category","embeddable":true,"href":"https:\/\/www.sieglindemetzler.eu\/en\/wp-json\/wp\/v2\/categories?post=5250"},{"taxonomy":"post_tag","embeddable":true,"href":"https:\/\/www.sieglindemetzler.eu\/en\/wp-json\/wp\/v2\/tags?post=5250"}],"curies":[{"name":"wp","href":"https:\/\/api.w.org\/{rel}","templated":true}]}}